{"id":1,"date":"2020-04-03T09:07:15","date_gmt":"2020-04-03T07:07:15","guid":{"rendered":"https:\/\/www.casaproductosdeapoyo.com\/?p=1"},"modified":"2020-05-11T10:02:43","modified_gmt":"2020-05-11T08:02:43","slug":"utilizacion-de-mascarillas-en-tiempos-del-covid-19","status":"publish","type":"post","link":"https:\/\/www.casaproductosdeapoyo.com\/ca\/utilizacion-de-mascarillas-en-tiempos-del-covid-19\/","title":{"rendered":"Utilizaci\u00f3n de mascarillas en tiempos del COVID-19"},"content":{"rendered":"<figure class=\"wp-block-image\"><img loading=\"lazy\" decoding=\"async\" width=\"810\" height=\"430\" src=\"https:\/\/www.casaproductosdeapoyo.com\/wp-content\/uploads\/2020\/04\/mascarillas.jpg\" alt=\"Hombre con una mascarilla\" class=\"wp-image-1133\" srcset=\"https:\/\/www.casaproductosdeapoyo.com\/wp-content\/uploads\/2020\/04\/mascarillas.jpg 810w, https:\/\/www.casaproductosdeapoyo.com\/wp-content\/uploads\/2020\/04\/mascarillas-300x159.jpg 300w, https:\/\/www.casaproductosdeapoyo.com\/wp-content\/uploads\/2020\/04\/mascarillas-768x408.jpg 768w\" sizes=\"auto, (max-width: 810px) 100vw, 810px\" \/><\/figure>\n\n\n\n<p>Ante la pr\u00f3xima \u201cdesescalada\u201d que anuncia el gobierno con la que poco a poco iremos incorpor\u00e1ndonos a nuestros puestos de trabajo y salir a la calle, nos hablan, tras el cambio de criterio de la OMS, del beneficio de usar mascarilla tanto para prevenir contagios como para evitar contagiar en caso de que tengamos el virus, pero lo desconozcamos. Aunque ojo, siempre es una medida complementaria a las imprescindibles que son <strong>LA DISTANCIA PERSONAL Y EL LAVADO DE MANOS.<\/strong><\/p>\n\n\n\n<p>La siguiente duda que se nos\nplantea es \u00bfy qu\u00e9 mascarilla uso? Debido a la escasez de este tipo de\nmateriales en el mercado, hemos estado usando \u201clo que hab\u00eda\u201d incluso\nmascarillas textiles o de papel fabricadas en nuestra propia casa.<\/p>\n\n\n\n<p>Pues bien, si nos decidimos por comprar una, los fabricantes y expertos nos indican que para prevenir contagios la mejor opci\u00f3n son las mascarillas denominadas FFP2 sin v\u00e1lvula, puesto que impiden que el virus acceda a nuestro cuerpo por inhalaci\u00f3n y a la vez que contagiemos a otra persona al nosotros exhalar. En el siguiente <strong><a href=\"https:\/\/www.elperiodico.com\/es\/sociedad\/20200407\/coronavirus-vueltas-con-las-mascarillas-7921125\" target=\"_blank\" rel=\"noreferrer noopener\" aria-label=\"enlace (abre en una nueva pesta\u00f1a)\">enlace<\/a><\/strong> pod\u00e9is ver una comparativa muy visual de los diferentes modelos.<\/p>\n\n\n\n<p>\u00bfY los m\u00e1s peque\u00f1os de la casa?\nPues los pediatras nos dicen que si el ni\u00f1o es menor de 2 a\u00f1os o tiene\nproblemas respiratorios es mejor no coloc\u00e1rsela, en el resto de los casos s\u00ed\ndeber\u00e1n llevarlas. <\/p>\n\n\n\n<p>Si vamos a utilizar mascarilla es muy importante que conozcamos el manejo para ponerla y quitarla y nunca tocarla mientras la llevamos puesta, puesto que si tenemos las manos infectadas nos llevaremos directamente el virus a la boca. <\/p>\n\n\n\n<p>Pero sobre todo recordad, las medidas m\u00e1s efectivas para evitar contagios son <strong>MANTENER UNA DISTANCIA PERSONAL ADECUADA Y LAVARSE BIEN LAS MANOS.<\/strong><\/p>","protected":false},"excerpt":{"rendered":"<div class=\"entry-summary\">\nAnte la pr\u00f3xima \u201cdesescalada\u201d que anuncia el gobierno con la que poco a poco iremos incorpor\u00e1ndonos a nuestros puestos de trabajo y salir a la calle, nos hablan, tras el cambio de criterio de la OMS, del beneficio de usar&hellip;\n<\/div>\n<div class=\"link-more\"><a href=\"https:\/\/www.casaproductosdeapoyo.com\/ca\/utilizacion-de-mascarillas-en-tiempos-del-covid-19\/\" class=\"more-link\">Seguir leyendo<span class=\"screen-reader-text\"> &ldquo;Utilizaci\u00f3n de mascarillas en tiempos del COVID-19&rdquo;<\/span>&hellip;<\/a><\/div>","protected":false},"author":1,"featured_media":1133,"comment_status":"closed","ping_status":"closed","sticky":false,"template":"templates\/no-intro.php","format":"standard","meta":{"footnotes":""},"categories":[6],"tags":[],"class_list":["post-1","post","type-post","status-publish","format-standard","has-post-thumbnail","hentry","category-actualidad","entry"],"yoast_head":"<!-- This site is optimized with the Yoast SEO plugin v26.7 - https:\/\/yoast.com\/wordpress\/plugins\/seo\/ -->\n<title>Utilizaci\u00f3n de mascarillas en tiempos del COVID-19 | CASA Productos de apoyo<\/title>\n<meta name=\"robots\" content=\"index, follow, max-snippet:-1, max-image-preview:large, max-video-preview:-1\" \/>\n<link rel=\"canonical\" href=\"https:\/\/www.casaproductosdeapoyo.com\/ca\/utilizacion-de-mascarillas-en-tiempos-del-covid-19\/\" \/>\n<meta property=\"og:locale\" content=\"ca_ES\" \/>\n<meta property=\"og:type\" content=\"article\" \/>\n<meta property=\"og:title\" content=\"Utilizaci\u00f3n de mascarillas en tiempos del COVID-19 | CASA Productos de apoyo\" \/>\n<meta property=\"og:description\" content=\"Ante la pr\u00f3xima \u201cdesescalada\u201d que anuncia el gobierno con la que poco a poco iremos incorpor\u00e1ndonos a nuestros puestos de trabajo y salir a la calle, nos hablan, tras el cambio de criterio de la OMS, del beneficio de usar&hellip; Seguir leyendo &ldquo;Utilizaci\u00f3n de mascarillas en tiempos del COVID-19&rdquo;&hellip;\" \/>\n<meta property=\"og:url\" content=\"https:\/\/www.casaproductosdeapoyo.com\/ca\/utilizacion-de-mascarillas-en-tiempos-del-covid-19\/\" \/>\n<meta property=\"og:site_name\" content=\"CASA Productos de apoyo\" \/>\n<meta property=\"article:published_time\" content=\"2020-04-03T07:07:15+00:00\" \/>\n<meta property=\"article:modified_time\" content=\"2020-05-11T08:02:43+00:00\" \/>\n<meta property=\"og:image\" content=\"https:\/\/www.casaproductosdeapoyo.com\/wp-content\/uploads\/2020\/04\/mascarillas.jpg\" \/>\n\t<meta property=\"og:image:width\" content=\"810\" \/>\n\t<meta property=\"og:image:height\" content=\"430\" \/>\n\t<meta property=\"og:image:type\" content=\"image\/jpeg\" \/>\n<meta name=\"author\" content=\"admin\" \/>\n<meta name=\"twitter:card\" content=\"summary_large_image\" \/>\n<meta name=\"twitter:label1\" content=\"Escrit per\" \/>\n\t<meta name=\"twitter:data1\" content=\"admin\" \/>\n\t<meta name=\"twitter:label2\" content=\"Temps estimat de lectura\" \/>\n\t<meta name=\"twitter:data2\" content=\"1 minut\" \/>\n<script type=\"application\/ld+json\" class=\"yoast-schema-graph\">{\"@context\":\"https:\/\/schema.org\",\"@graph\":[{\"@type\":\"Article\",\"@id\":\"https:\/\/www.casaproductosdeapoyo.com\/utilizacion-de-mascarillas-en-tiempos-del-covid-19\/#article\",\"isPartOf\":{\"@id\":\"https:\/\/www.casaproductosdeapoyo.com\/utilizacion-de-mascarillas-en-tiempos-del-covid-19\/\"},\"author\":{\"name\":\"admin\",\"@id\":\"https:\/\/www.casaproductosdeapoyo.com\/#\/schema\/person\/72ea2d1d79a9128bf9af25c50ef7bbc5\"},\"headline\":\"Utilizaci\u00f3n de mascarillas en tiempos del COVID-19\",\"datePublished\":\"2020-04-03T07:07:15+00:00\",\"dateModified\":\"2020-05-11T08:02:43+00:00\",\"mainEntityOfPage\":{\"@id\":\"https:\/\/www.casaproductosdeapoyo.com\/utilizacion-de-mascarillas-en-tiempos-del-covid-19\/\"},\"wordCount\":305,\"publisher\":{\"@id\":\"https:\/\/www.casaproductosdeapoyo.com\/#organization\"},\"image\":{\"@id\":\"https:\/\/www.casaproductosdeapoyo.com\/utilizacion-de-mascarillas-en-tiempos-del-covid-19\/#primaryimage\"},\"thumbnailUrl\":\"https:\/\/www.casaproductosdeapoyo.com\/wp-content\/uploads\/2020\/04\/mascarillas.jpg\",\"articleSection\":[\"Actualidad\"],\"inLanguage\":\"ca\"},{\"@type\":\"WebPage\",\"@id\":\"https:\/\/www.casaproductosdeapoyo.com\/utilizacion-de-mascarillas-en-tiempos-del-covid-19\/\",\"url\":\"https:\/\/www.casaproductosdeapoyo.com\/utilizacion-de-mascarillas-en-tiempos-del-covid-19\/\",\"name\":\"Utilizaci\u00f3n de mascarillas en tiempos del COVID-19 | CASA Productos de apoyo\",\"isPartOf\":{\"@id\":\"https:\/\/www.casaproductosdeapoyo.com\/#website\"},\"primaryImageOfPage\":{\"@id\":\"https:\/\/www.casaproductosdeapoyo.com\/utilizacion-de-mascarillas-en-tiempos-del-covid-19\/#primaryimage\"},\"image\":{\"@id\":\"https:\/\/www.casaproductosdeapoyo.com\/utilizacion-de-mascarillas-en-tiempos-del-covid-19\/#primaryimage\"},\"thumbnailUrl\":\"https:\/\/www.casaproductosdeapoyo.com\/wp-content\/uploads\/2020\/04\/mascarillas.jpg\",\"datePublished\":\"2020-04-03T07:07:15+00:00\",\"dateModified\":\"2020-05-11T08:02:43+00:00\",\"breadcrumb\":{\"@id\":\"https:\/\/www.casaproductosdeapoyo.com\/utilizacion-de-mascarillas-en-tiempos-del-covid-19\/#breadcrumb\"},\"inLanguage\":\"ca\",\"potentialAction\":[{\"@type\":\"ReadAction\",\"target\":[\"https:\/\/www.casaproductosdeapoyo.com\/utilizacion-de-mascarillas-en-tiempos-del-covid-19\/\"]}]},{\"@type\":\"ImageObject\",\"inLanguage\":\"ca\",\"@id\":\"https:\/\/www.casaproductosdeapoyo.com\/utilizacion-de-mascarillas-en-tiempos-del-covid-19\/#primaryimage\",\"url\":\"https:\/\/www.casaproductosdeapoyo.com\/wp-content\/uploads\/2020\/04\/mascarillas.jpg\",\"contentUrl\":\"https:\/\/www.casaproductosdeapoyo.com\/wp-content\/uploads\/2020\/04\/mascarillas.jpg\",\"width\":810,\"height\":430,\"caption\":\"Hombre con una mascarilla\"},{\"@type\":\"BreadcrumbList\",\"@id\":\"https:\/\/www.casaproductosdeapoyo.com\/utilizacion-de-mascarillas-en-tiempos-del-covid-19\/#breadcrumb\",\"itemListElement\":[{\"@type\":\"ListItem\",\"position\":1,\"name\":\"Portada\",\"item\":\"https:\/\/www.casaproductosdeapoyo.com\/\"},{\"@type\":\"ListItem\",\"position\":2,\"name\":\"Utilizaci\u00f3n de mascarillas en tiempos del COVID-19\"}]},{\"@type\":\"WebSite\",\"@id\":\"https:\/\/www.casaproductosdeapoyo.com\/#website\",\"url\":\"https:\/\/www.casaproductosdeapoyo.com\/\",\"name\":\"CASA Productos de apoyo\",\"description\":\"Especialistas en accesibilidad, \u00f3rtesis y productos de apoyo\",\"publisher\":{\"@id\":\"https:\/\/www.casaproductosdeapoyo.com\/#organization\"},\"potentialAction\":[{\"@type\":\"SearchAction\",\"target\":{\"@type\":\"EntryPoint\",\"urlTemplate\":\"https:\/\/www.casaproductosdeapoyo.com\/?s={search_term_string}\"},\"query-input\":{\"@type\":\"PropertyValueSpecification\",\"valueRequired\":true,\"valueName\":\"search_term_string\"}}],\"inLanguage\":\"ca\"},{\"@type\":\"Organization\",\"@id\":\"https:\/\/www.casaproductosdeapoyo.com\/#organization\",\"name\":\"CASA Productos de apoyo\",\"url\":\"https:\/\/www.casaproductosdeapoyo.com\/\",\"logo\":{\"@type\":\"ImageObject\",\"inLanguage\":\"ca\",\"@id\":\"https:\/\/www.casaproductosdeapoyo.com\/#\/schema\/logo\/image\/\",\"url\":\"https:\/\/www.casaproductosdeapoyo.com\/wp-content\/uploads\/2025\/11\/Logo-CASA-copia.png\",\"contentUrl\":\"https:\/\/www.casaproductosdeapoyo.com\/wp-content\/uploads\/2025\/11\/Logo-CASA-copia.png\",\"width\":1920,\"height\":1080,\"caption\":\"CASA Productos de apoyo\"},\"image\":{\"@id\":\"https:\/\/www.casaproductosdeapoyo.com\/#\/schema\/logo\/image\/\"}},{\"@type\":\"Person\",\"@id\":\"https:\/\/www.casaproductosdeapoyo.com\/#\/schema\/person\/72ea2d1d79a9128bf9af25c50ef7bbc5\",\"name\":\"admin\",\"image\":{\"@type\":\"ImageObject\",\"inLanguage\":\"ca\",\"@id\":\"https:\/\/www.casaproductosdeapoyo.com\/#\/schema\/person\/image\/\",\"url\":\"https:\/\/secure.gravatar.com\/avatar\/b3e122c089b30e9ad9be675b9b3dd7f7d6219764520d2ae027bee78d04cc049b?s=96&d=mm&r=g\",\"contentUrl\":\"https:\/\/secure.gravatar.com\/avatar\/b3e122c089b30e9ad9be675b9b3dd7f7d6219764520d2ae027bee78d04cc049b?s=96&d=mm&r=g\",\"caption\":\"admin\"},\"url\":\"https:\/\/www.casaproductosdeapoyo.com\/ca\/author\/admin\/\"}]}<\/script>\n<!-- \/ Yoast SEO plugin. -->","yoast_head_json":{"title":"Utilizaci\u00f3n de mascarillas en tiempos del COVID-19 | CASA Productos de apoyo","robots":{"index":"index","follow":"follow","max-snippet":"max-snippet:-1","max-image-preview":"max-image-preview:large","max-video-preview":"max-video-preview:-1"},"canonical":"https:\/\/www.casaproductosdeapoyo.com\/ca\/utilizacion-de-mascarillas-en-tiempos-del-covid-19\/","og_locale":"ca_ES","og_type":"article","og_title":"Utilizaci\u00f3n de mascarillas en tiempos del COVID-19 | CASA Productos de apoyo","og_description":"Ante la pr\u00f3xima \u201cdesescalada\u201d que anuncia el gobierno con la que poco a poco iremos incorpor\u00e1ndonos a nuestros puestos de trabajo y salir a la calle, nos hablan, tras el cambio de criterio de la OMS, del beneficio de usar&hellip; Seguir leyendo &ldquo;Utilizaci\u00f3n de mascarillas en tiempos del COVID-19&rdquo;&hellip;","og_url":"https:\/\/www.casaproductosdeapoyo.com\/ca\/utilizacion-de-mascarillas-en-tiempos-del-covid-19\/","og_site_name":"CASA Productos de apoyo","article_published_time":"2020-04-03T07:07:15+00:00","article_modified_time":"2020-05-11T08:02:43+00:00","og_image":[{"width":810,"height":430,"url":"https:\/\/www.casaproductosdeapoyo.com\/wp-content\/uploads\/2020\/04\/mascarillas.jpg","type":"image\/jpeg"}],"author":"admin","twitter_card":"summary_large_image","twitter_misc":{"Escrit per":"admin","Temps estimat de lectura":"1 minut"},"schema":{"@context":"https:\/\/schema.org","@graph":[{"@type":"Article","@id":"https:\/\/www.casaproductosdeapoyo.com\/utilizacion-de-mascarillas-en-tiempos-del-covid-19\/#article","isPartOf":{"@id":"https:\/\/www.casaproductosdeapoyo.com\/utilizacion-de-mascarillas-en-tiempos-del-covid-19\/"},"author":{"name":"admin","@id":"https:\/\/www.casaproductosdeapoyo.com\/#\/schema\/person\/72ea2d1d79a9128bf9af25c50ef7bbc5"},"headline":"Utilizaci\u00f3n de mascarillas en tiempos del COVID-19","datePublished":"2020-04-03T07:07:15+00:00","dateModified":"2020-05-11T08:02:43+00:00","mainEntityOfPage":{"@id":"https:\/\/www.casaproductosdeapoyo.com\/utilizacion-de-mascarillas-en-tiempos-del-covid-19\/"},"wordCount":305,"publisher":{"@id":"https:\/\/www.casaproductosdeapoyo.com\/#organization"},"image":{"@id":"https:\/\/www.casaproductosdeapoyo.com\/utilizacion-de-mascarillas-en-tiempos-del-covid-19\/#primaryimage"},"thumbnailUrl":"https:\/\/www.casaproductosdeapoyo.com\/wp-content\/uploads\/2020\/04\/mascarillas.jpg","articleSection":["Actualidad"],"inLanguage":"ca"},{"@type":"WebPage","@id":"https:\/\/www.casaproductosdeapoyo.com\/utilizacion-de-mascarillas-en-tiempos-del-covid-19\/","url":"https:\/\/www.casaproductosdeapoyo.com\/utilizacion-de-mascarillas-en-tiempos-del-covid-19\/","name":"Utilizaci\u00f3n de mascarillas en tiempos del COVID-19 | CASA Productos de apoyo","isPartOf":{"@id":"https:\/\/www.casaproductosdeapoyo.com\/#website"},"primaryImageOfPage":{"@id":"https:\/\/www.casaproductosdeapoyo.com\/utilizacion-de-mascarillas-en-tiempos-del-covid-19\/#primaryimage"},"image":{"@id":"https:\/\/www.casaproductosdeapoyo.com\/utilizacion-de-mascarillas-en-tiempos-del-covid-19\/#primaryimage"},"thumbnailUrl":"https:\/\/www.casaproductosdeapoyo.com\/wp-content\/uploads\/2020\/04\/mascarillas.jpg","datePublished":"2020-04-03T07:07:15+00:00","dateModified":"2020-05-11T08:02:43+00:00","breadcrumb":{"@id":"https:\/\/www.casaproductosdeapoyo.com\/utilizacion-de-mascarillas-en-tiempos-del-covid-19\/#breadcrumb"},"inLanguage":"ca","potentialAction":[{"@type":"ReadAction","target":["https:\/\/www.casaproductosdeapoyo.com\/utilizacion-de-mascarillas-en-tiempos-del-covid-19\/"]}]},{"@type":"ImageObject","inLanguage":"ca","@id":"https:\/\/www.casaproductosdeapoyo.com\/utilizacion-de-mascarillas-en-tiempos-del-covid-19\/#primaryimage","url":"https:\/\/www.casaproductosdeapoyo.com\/wp-content\/uploads\/2020\/04\/mascarillas.jpg","contentUrl":"https:\/\/www.casaproductosdeapoyo.com\/wp-content\/uploads\/2020\/04\/mascarillas.jpg","width":810,"height":430,"caption":"Hombre con una mascarilla"},{"@type":"BreadcrumbList","@id":"https:\/\/www.casaproductosdeapoyo.com\/utilizacion-de-mascarillas-en-tiempos-del-covid-19\/#breadcrumb","itemListElement":[{"@type":"ListItem","position":1,"name":"Portada","item":"https:\/\/www.casaproductosdeapoyo.com\/"},{"@type":"ListItem","position":2,"name":"Utilizaci\u00f3n de mascarillas en tiempos del COVID-19"}]},{"@type":"WebSite","@id":"https:\/\/www.casaproductosdeapoyo.com\/#website","url":"https:\/\/www.casaproductosdeapoyo.com\/","name":"CASA Productos de apoyo","description":"Especialistas en accesibilidad, \u00f3rtesis y productos de apoyo","publisher":{"@id":"https:\/\/www.casaproductosdeapoyo.com\/#organization"},"potentialAction":[{"@type":"SearchAction","target":{"@type":"EntryPoint","urlTemplate":"https:\/\/www.casaproductosdeapoyo.com\/?s={search_term_string}"},"query-input":{"@type":"PropertyValueSpecification","valueRequired":true,"valueName":"search_term_string"}}],"inLanguage":"ca"},{"@type":"Organization","@id":"https:\/\/www.casaproductosdeapoyo.com\/#organization","name":"CASA Productos de apoyo","url":"https:\/\/www.casaproductosdeapoyo.com\/","logo":{"@type":"ImageObject","inLanguage":"ca","@id":"https:\/\/www.casaproductosdeapoyo.com\/#\/schema\/logo\/image\/","url":"https:\/\/www.casaproductosdeapoyo.com\/wp-content\/uploads\/2025\/11\/Logo-CASA-copia.png","contentUrl":"https:\/\/www.casaproductosdeapoyo.com\/wp-content\/uploads\/2025\/11\/Logo-CASA-copia.png","width":1920,"height":1080,"caption":"CASA Productos de apoyo"},"image":{"@id":"https:\/\/www.casaproductosdeapoyo.com\/#\/schema\/logo\/image\/"}},{"@type":"Person","@id":"https:\/\/www.casaproductosdeapoyo.com\/#\/schema\/person\/72ea2d1d79a9128bf9af25c50ef7bbc5","name":"admin","image":{"@type":"ImageObject","inLanguage":"ca","@id":"https:\/\/www.casaproductosdeapoyo.com\/#\/schema\/person\/image\/","url":"https:\/\/secure.gravatar.com\/avatar\/b3e122c089b30e9ad9be675b9b3dd7f7d6219764520d2ae027bee78d04cc049b?s=96&d=mm&r=g","contentUrl":"https:\/\/secure.gravatar.com\/avatar\/b3e122c089b30e9ad9be675b9b3dd7f7d6219764520d2ae027bee78d04cc049b?s=96&d=mm&r=g","caption":"admin"},"url":"https:\/\/www.casaproductosdeapoyo.com\/ca\/author\/admin\/"}]}},"uagb_featured_image_src":{"full":["https:\/\/www.casaproductosdeapoyo.com\/wp-content\/uploads\/2020\/04\/mascarillas.jpg",810,430,false],"thumbnail":["https:\/\/www.casaproductosdeapoyo.com\/wp-content\/uploads\/2020\/04\/mascarillas-150x150.jpg",150,150,true],"medium":["https:\/\/www.casaproductosdeapoyo.com\/wp-content\/uploads\/2020\/04\/mascarillas-300x159.jpg",300,159,true],"medium_large":["https:\/\/www.casaproductosdeapoyo.com\/wp-content\/uploads\/2020\/04\/mascarillas-768x408.jpg",768,408,true],"large":["https:\/\/www.casaproductosdeapoyo.com\/wp-content\/uploads\/2020\/04\/mascarillas.jpg",810,430,false],"1536x1536":["https:\/\/www.casaproductosdeapoyo.com\/wp-content\/uploads\/2020\/04\/mascarillas.jpg",810,430,false],"2048x2048":["https:\/\/www.casaproductosdeapoyo.com\/wp-content\/uploads\/2020\/04\/mascarillas.jpg",810,430,false],"trp-custom-language-flag":["https:\/\/www.casaproductosdeapoyo.com\/wp-content\/uploads\/2020\/04\/mascarillas.jpg",18,10,false],"reykjavik-intro":["https:\/\/www.casaproductosdeapoyo.com\/wp-content\/uploads\/2020\/04\/mascarillas.jpg",810,430,false]},"uagb_author_info":{"display_name":"admin","author_link":"https:\/\/www.casaproductosdeapoyo.com\/ca\/author\/admin\/"},"uagb_comment_info":1,"uagb_excerpt":"Ante la pr\u00f3xima \u201cdesescalada\u201d que anuncia el gobierno con la que poco a poco iremos incorpor\u00e1ndonos a nuestros puestos de trabajo y salir a la calle, nos hablan, tras el cambio de criterio de la OMS, del beneficio de usar&hellip; Seguir leyendo &ldquo;Utilizaci\u00f3n de mascarillas en tiempos del COVID-19&rdquo;&hellip;","_links":{"self":[{"href":"https:\/\/www.casaproductosdeapoyo.com\/ca\/wp-json\/wp\/v2\/posts\/1","targetHints":{"allow":["GET"]}}],"collection":[{"href":"https:\/\/www.casaproductosdeapoyo.com\/ca\/wp-json\/wp\/v2\/posts"}],"about":[{"href":"https:\/\/www.casaproductosdeapoyo.com\/ca\/wp-json\/wp\/v2\/types\/post"}],"author":[{"embeddable":true,"href":"https:\/\/www.casaproductosdeapoyo.com\/ca\/wp-json\/wp\/v2\/users\/1"}],"replies":[{"embeddable":true,"href":"https:\/\/www.casaproductosdeapoyo.com\/ca\/wp-json\/wp\/v2\/comments?post=1"}],"version-history":[{"count":8,"href":"https:\/\/www.casaproductosdeapoyo.com\/ca\/wp-json\/wp\/v2\/posts\/1\/revisions"}],"predecessor-version":[{"id":1135,"href":"https:\/\/www.casaproductosdeapoyo.com\/ca\/wp-json\/wp\/v2\/posts\/1\/revisions\/1135"}],"wp:featuredmedia":[{"embeddable":true,"href":"https:\/\/www.casaproductosdeapoyo.com\/ca\/wp-json\/wp\/v2\/media\/1133"}],"wp:attachment":[{"href":"https:\/\/www.casaproductosdeapoyo.com\/ca\/wp-json\/wp\/v2\/media?parent=1"}],"wp:term":[{"taxonomy":"category","embeddable":true,"href":"https:\/\/www.casaproductosdeapoyo.com\/ca\/wp-json\/wp\/v2\/categories?post=1"},{"taxonomy":"post_tag","embeddable":true,"href":"https:\/\/www.casaproductosdeapoyo.com\/ca\/wp-json\/wp\/v2\/tags?post=1"}],"curies":[{"name":"wp","href":"https:\/\/api.w.org\/{rel}","templated":true}]}}